{"id":57,"date":"2010-05-07T22:20:25","date_gmt":"2010-05-07T22:20:25","guid":{"rendered":"http:\/\/www.soledadomar.com\/blog\/2010\/05\/07\/embajadora-honorifica\/"},"modified":"2020-09-26T12:43:20","modified_gmt":"2020-09-26T12:43:20","slug":"embajadora-honorifica","status":"publish","type":"post","link":"http:\/\/www.soledadomar.com\/blog\/embajadora-honorifica\/","title":{"rendered":"Embajadora Honor\u00edfica"},"content":{"rendered":"<p>Aprovechando la estadia en concordia y por iniciativa de Jos\u00e9 Persigo fue hecho el pedido al ConceJo Deliberante de Concordia de otorgarme un reconocimiento de mi ciudad.<br \/>\nEn menos de una semana y por votaci\u00f3n un\u00e1nime de los concejales fue aprobada la distinci\u00f3n; por mi trayectoria e historia deportiva.<br \/>\nEn un acto en la municipalidad de concordia, en el Honorable Concejo Deliberante, presidido por el presidente del concejo Mariano Giampaolo, me fue entregada una placa destac\u00e1ndome como &#8220;Embajadora Honor\u00edfica&#8221;.<br \/>\nEstos reconocimientos a uno lo llenan de orgullo y son distinciones que nos cargan de energ\u00eda para seguir adelante en este gran mundo del deporte.<br \/>\nGracias a mi ciudad siempre le estare agradecida por todo lo que me ha brindado y me brinda !!!!<\/p>\n<p><img loading=\"lazy\" decoding=\"async\" src=\"http:\/\/www.soledadomar.com\/blog\/wp-content\/uploads\/embajadora.jpg\" alt=\"\" title=\"embajadora\" width=\"645\" height=\"570\" class=\"alignnone size-full wp-image-55\" srcset=\"http:\/\/www.soledadomar.com\/blog\/wp-content\/uploads\/embajadora.jpg 645w, http:\/\/www.soledadomar.com\/blog\/wp-content\/uploads\/embajadora-300x265.jpg 300w\" sizes=\"auto, (max-width: 645px) 100vw, 645px\" \/><\/p>\n","protected":false},"excerpt":{"rendered":"<p>Aprovechando la estadia en concordia y por iniciativa de Jos\u00e9 Persigo fue hecho el pedido al ConceJo Deliberante de Concordia de otorgarme un reconocimiento de mi ciudad. En menos de una semana y por votaci\u00f3n un\u00e1nime de los concejales fue aprobada la distinci\u00f3n; por mi trayectoria e historia deportiva. En un acto en la municipalidad [&hellip;]<\/p>\n","protected":false},"author":1,"featured_media":0,"comment_status":"closed","ping_status":"closed","sticky":false,"template":"","format":"standard","meta":{"footnotes":""},"categories":[1],"tags":[],"class_list":["post-57","post","type-post","status-publish","format-standard","hentry","category-geral"],"_links":{"self":[{"href":"http:\/\/www.soledadomar.com\/blog\/wp-json\/wp\/v2\/posts\/57","targetHints":{"allow":["GET"]}}],"collection":[{"href":"http:\/\/www.soledadomar.com\/blog\/wp-json\/wp\/v2\/posts"}],"about":[{"href":"http:\/\/www.soledadomar.com\/blog\/wp-json\/wp\/v2\/types\/post"}],"author":[{"embeddable":true,"href":"http:\/\/www.soledadomar.com\/blog\/wp-json\/wp\/v2\/users\/1"}],"replies":[{"embeddable":true,"href":"http:\/\/www.soledadomar.com\/blog\/wp-json\/wp\/v2\/comments?post=57"}],"version-history":[{"count":1,"href":"http:\/\/www.soledadomar.com\/blog\/wp-json\/wp\/v2\/posts\/57\/revisions"}],"predecessor-version":[{"id":369,"href":"http:\/\/www.soledadomar.com\/blog\/wp-json\/wp\/v2\/posts\/57\/revisions\/369"}],"wp:attachment":[{"href":"http:\/\/www.soledadomar.com\/blog\/wp-json\/wp\/v2\/media?parent=57"}],"wp:term":[{"taxonomy":"category","embeddable":true,"href":"http:\/\/www.soledadomar.com\/blog\/wp-json\/wp\/v2\/categories?post=57"},{"taxonomy":"post_tag","embeddable":true,"href":"http:\/\/www.soledadomar.com\/blog\/wp-json\/wp\/v2\/tags?post=57"}],"curies":[{"name":"wp","href":"https:\/\/api.w.org\/{rel}","templated":true}]}}